{"id":1103,"date":"2025-02-02T12:49:49","date_gmt":"2025-02-02T15:49:49","guid":{"rendered":"https:\/\/astroletiva.com.br\/astrologia\/?p=1103"},"modified":"2025-02-26T11:16:15","modified_gmt":"2025-02-26T14:16:15","slug":"astrologia-e-cultura-de-massa","status":"publish","type":"post","link":"https:\/\/astroletiva.com.br\/astrologia\/astrologia-e-cultura-de-massa\/","title":{"rendered":"Astrologia e Cultura de Massa"},"content":{"rendered":"<p>Her\u00f3is e vil\u00f5es da cultura de massa refletem, na sua tem\u00e1tica, mitos imemoriais e os grandes ciclos coletivos de planetas exteriores.<!--more--><\/p>\n<p>Na antiguidade, os povos criavam seus deuses e mitos como express\u00e3o de uma forma particular de entender a realidade que os cercava. Atrav\u00e9s da mitologia cl\u00e1ssica, por exemplo, entendemos muito da mentalidade e das lutas sociais na Gr\u00e9cia e em Roma.<\/p>\n<p>Hoje, continuamos a reinventar nossa mitologia com outra roupagem. As modernas f\u00e1bricas de mitos s\u00e3o o cinema, as hist\u00f3rias em quadrinhos, o show business, a TV e a publicidade.<\/p>\n<h2>Personagens de fic\u00e7\u00e3o antecipam tend\u00eancias reais<\/h2>\n<p>Neste curso, abordamos a constru\u00e7\u00e3o astrol\u00f3gica dos personagens na cultura de massa. Veremos como os her\u00f3is e vil\u00f5es contempor\u00e2neos refletem, na sua tem\u00e1tica, os grandes ciclos coletivos de planetas exteriores, desde o final do s\u00e9culo XIX.<\/p>\n<p>Depois, analisaremos alguns casos espec\u00edficos, compreendendo como cada universo de personagens de fic\u00e7\u00e3o reitera, sempre e sempre, os mesmos moldes zodiacais e planet\u00e1rios.<\/p>\n<p>Atravessaremos o mundo do M\u00e1gico de Oz, de Carlitos, de Hagar, o Horr\u00edvel, de Jeannie \u00e9 um G\u00eanio, das vil\u00e3s de telenovelas brasileiras e dos personagens de Hanna-Barbera.<\/p>\n<p>E vamos descobrir que tudo isso tem um objetivo muito pr\u00e1tico: o imagin\u00e1rio sempre antecipa a realidade, e a compreens\u00e3o astrol\u00f3gica dos personagens surgidos no in\u00edcio de cada ciclo permite compreender as tend\u00eancias pol\u00edticas e sociais que ganhar\u00e3o forma nos anos subsequentes.<\/p>\n<figure id=\"attachment_1266\" aria-describedby=\"caption-attachment-1266\" style=\"width: 890px\" class=\"wp-caption aligncenter\"><img loading=\"lazy\" decoding=\"async\" class=\"wp-image-1266 size-full\" src=\"https:\/\/astroletiva.com.br\/astrologia\/wp-content\/uploads\/2020\/09\/painel-mitologia-quadrinhos.jpg\" alt=\"Painel cultura de massa\" width=\"900\" height=\"450\" \/><figcaption id=\"caption-attachment-1266\" class=\"wp-caption-text\">Em Astrologia e Cultura de Massa voc\u00ea vai entender que o sucesso de alguns personagens tem a ver com a atualiza\u00e7\u00e3o de arqu\u00e9tipos imemoriais. Como Nazar\u00e9 Tedesco, a arquivil\u00e3 da telenovela brasileira, que atualiza o sentido de Saturno em C\u00e2ncer. Ou como Charlie Brown e Snoopy, que trazem \u00e0 tona o sentimento de desadapta\u00e7\u00e3o de Netuno em Libra.<\/figcaption><\/figure>\n<p>Como os personagens s\u00e3o bem conhecidos, teremos farto material para exemplifica\u00e7\u00f5es e exerc\u00edcios pr\u00e1ticos.<\/p>\n<p>Este curso \u00e9 recomendado para: estudiosos de mitologia e cultura de massa; educadores, pais ou astr\u00f3logos que lidam com a educa\u00e7\u00e3o de crian\u00e7as e adolescentes. Astr\u00f3logos interessados nas aplica\u00e7\u00f5es comportamentais da Astrologia.<\/p>\n<p>Em algumas t\u00f3picos utilizam-se conhecimentos de tr\u00e2nsitos, progress\u00f5es secund\u00e1rias e sinastria, mas o curso pode ser acompanhado com facilidade por quem tenha um conhecimento b\u00e1sico de planetas, signos, casas e aspectos.<\/p>\n<hr \/>\n<h3>Facilitador<\/h3>\n<p><img loading=\"lazy\" decoding=\"async\" class=\"alignright wp-image-1648\" src=\"https:\/\/astroletiva.com.br\/astrologia\/wp-content\/uploads\/2021\/09\/ff-494x552-1-e1632532160565.jpg\" alt=\"Fernando Fernandse, professor de Astrologia\" width=\"141\" height=\"164\" \/>Fernando Fernandse \u00e9 criador da Escola Astroletiva e editor do site <a href=\"https:\/\/constelar.com.br\" target=\"_blank\" rel=\"noopener\">Constelar<\/a>. Seu v\u00ednculo com quest\u00f5es de cultura de massa vem dos tempos da Escola de Comunica\u00e7\u00e3o da UFRJ e dos estudos de Comunica\u00e7\u00e3o e Ideologia, durante o mestrado. Tamb\u00e9m \u00e9 diretor teatral formado pelo Centro de Artes da UNIRIO, onde desenvolveu forte interesse pela tem\u00e1tica mitol\u00f3gica presente na dramaturgia greco-romana, medieval e shakespeariana. Unindo a forma\u00e7\u00e3o acad\u00eamica com a abordagem astrol\u00f3gica, Fernando tem grande n\u00famero de pesquisas originais sobre arte, comunica\u00e7\u00e3o de massa e ideologia, v\u00e1rias das quais compartilhadas neste curso.<\/p>\n<hr \/>\n<div class=\"mostrar\">\n<div class=\"bgamarelo\">\n<h3><strong>Pr\u00f3xima turma: em breve. Aguarde abertura das inscri\u00e7\u00f5es.<\/strong><\/h3>\n<p>Veja no <a href=\"https:\/\/astroletiva.com.br\/astrologia\/calendario\/\"><strong>Calend\u00e1rio de cursos de Astroletiva<\/strong><\/a> a data prevista para a nova turma.<\/p>\n<p>Quer receber em primeira m\u00e3o o aviso de abertura de inscri\u00e7\u00f5es? Deixe seu email aqui, na <a href=\"https:\/\/forms.gle\/qtZru3YoYFna7gvM8\" target=\"_blank\" rel=\"noopener\"><strong>Lista de Alerta<\/strong><\/a>. E mais: se houver uma procura significativa, <strong>Astroletiva<\/strong> pode antecipar a pr\u00f3xima turma!<\/p>\n<\/div>\n<\/div>\n","protected":false},"excerpt":{"rendered":"<p>Her\u00f3is e vil\u00f5es da cultura de massa refletem, na sua tem\u00e1tica, mitos imemoriais e os grandes ciclos coletivos de planetas exteriores.<\/p>\n","protected":false},"author":1,"featured_media":1106,"comment_status":"closed","ping_status":"closed","sticky":false,"template":"","format":"standard","meta":{"footnotes":""},"categories":[7],"tags":[],"class_list":["post-1103","post","type-post","status-publish","format-standard","has-post-thumbnail","hentry","category-especializacao","resize-featured-image"],"_links":{"self":[{"href":"https:\/\/astroletiva.com.br\/astrologia\/wp-json\/wp\/v2\/posts\/1103","targetHints":{"allow":["GET"]}}],"collection":[{"href":"https:\/\/astroletiva.com.br\/astrologia\/wp-json\/wp\/v2\/posts"}],"about":[{"href":"https:\/\/astroletiva.com.br\/astrologia\/wp-json\/wp\/v2\/types\/post"}],"author":[{"embeddable":true,"href":"https:\/\/astroletiva.com.br\/astrologia\/wp-json\/wp\/v2\/users\/1"}],"replies":[{"embeddable":true,"href":"https:\/\/astroletiva.com.br\/astrologia\/wp-json\/wp\/v2\/comments?post=1103"}],"version-history":[{"count":20,"href":"https:\/\/astroletiva.com.br\/astrologia\/wp-json\/wp\/v2\/posts\/1103\/revisions"}],"predecessor-version":[{"id":2467,"href":"https:\/\/astroletiva.com.br\/astrologia\/wp-json\/wp\/v2\/posts\/1103\/revisions\/2467"}],"wp:featuredmedia":[{"embeddable":true,"href":"https:\/\/astroletiva.com.br\/astrologia\/wp-json\/wp\/v2\/media\/1106"}],"wp:attachment":[{"href":"https:\/\/astroletiva.com.br\/astrologia\/wp-json\/wp\/v2\/media?parent=1103"}],"wp:term":[{"taxonomy":"category","embeddable":true,"href":"https:\/\/astroletiva.com.br\/astrologia\/wp-json\/wp\/v2\/categories?post=1103"},{"taxonomy":"post_tag","embeddable":true,"href":"https:\/\/astroletiva.com.br\/astrologia\/wp-json\/wp\/v2\/tags?post=1103"}],"curies":[{"name":"wp","href":"https:\/\/api.w.org\/{rel}","templated":true}]}}