{"id":1117,"date":"2023-06-13T14:49:04","date_gmt":"2023-06-13T17:49:04","guid":{"rendered":"https:\/\/astroletiva.com.br\/astrologia\/?p=1117"},"modified":"2023-07-24T01:56:51","modified_gmt":"2023-07-24T04:56:51","slug":"pontos-obscuros-do-mapa","status":"publish","type":"post","link":"https:\/\/astroletiva.com.br\/astrologia\/pontos-obscuros-do-mapa\/","title":{"rendered":"Asteroides e Pontos Obscuros"},"content":{"rendered":"<p>Um curso para lan\u00e7ar luz sobre os asteroides e os pontos obscuros \u2014 fatores de interpreta\u00e7\u00e3o que v\u00e3o muito al\u00e9m dos dez planetas convencionais.<!--more--><\/p>\n<h2>Novos fatores de interpreta\u00e7\u00e3o para novas necessidades humanas<\/h2>\n<p>O mundo de at\u00e9 300 anos atr\u00e1s era bem mais f\u00e1cil de entender. Assim tamb\u00e9m com a Astrologia, ainda baseada nos sete planetas vis\u00edveis e nos esquemas de interpreta\u00e7\u00e3o herdados da Idade M\u00e9dia.<\/p>\n<p><strong>D\u00e1 para enfrentar as complexas necessidades de hoje com o mesmo arsenal de t\u00e9cnicas que os astr\u00f3logos medievais usavam para atender ao rei?<\/strong><\/p>\n<p>Vieram a Revolu\u00e7\u00e3o Industrial, a cultura de massa, o Dr. Freud, duas Guerras Mundiais, a psicologia de Jung, a corrida espacial, a globaliza\u00e7\u00e3o, a internet, a ang\u00fastia e o vazio existencial da modernidade. Ser\u00e1 que os problemas do homem contempor\u00e2neo cabem todos naquele c\u00e9u mais simples, do tempo de Morin de Villefranche?<\/p>\n<h2>Pontos obscuros do mapa. Obscuros para quem n\u00e3o quer ver.<\/h2>\n<p>O c\u00e9u astrol\u00f3gico n\u00e3o \u00e9 uma realidade imut\u00e1vel. As grandes transforma\u00e7\u00f5es sociais coincidem com novas descobertas de corpos celestes e com a amplia\u00e7\u00e3o dos horizontes do Sistema Solar. Foi assim desde a descoberta de Urano, que ocorreu em sincronia com as Revolu\u00e7\u00f5es Industrial e Francesa.<\/p>\n<p>Parte da Fortuna, Lilith, Ceres, Vesta, Vesta, Qu\u00edron, Nodos Lunares, \u00c9ris e os demais planetas an\u00f5es s\u00f3 s\u00e3o fatores obscuros se deixarmos que sejam. Conhec\u00ea-los \u00e9 um caminho para enriquecer a interpreta\u00e7\u00e3o. \u00c9 preciso entender para usar na justa medida.<\/p>\n<p>E os corpos celestes de descoberta mais recente, a que necessidades corresponder\u00e3o? Como integr\u00e1-los na an\u00e1lise? Que peso dar a cada um desses fatores? Estas s\u00e3o as quest\u00f5es que estruturam o curso.<\/p>\n<h3>Pontos obscuros com tempero lunar<\/h3>\n<p>Alguns fatores de interpreta\u00e7\u00e3o t\u00eam um comum o v\u00ednculo com a Lua: os Nodos Lunares, Parte da Fortuna e Lilith. \u00c9 exatamente por eles que vamos come\u00e7ar. Fortuna e Nodos t\u00eam s\u00e9culos de uso, mas continuam gerando confus\u00e3o.<\/p>\n<h3>Asteroides: hora de falar de Ceres, Palas e Qu\u00edron<\/h3>\n<figure id=\"attachment_2080\" aria-describedby=\"caption-attachment-2080\" style=\"width: 885px\" class=\"wp-caption aligncenter\"><img loading=\"lazy\" decoding=\"async\" class=\"size-full wp-image-2080\" src=\"https:\/\/astroletiva.com.br\/astrologia\/wp-content\/uploads\/2023\/06\/templo-de-vesta.jpg\" alt=\"Templo de Vesta\" width=\"895\" height=\"589\" srcset=\"https:\/\/astroletiva.com.br\/astrologia\/wp-content\/uploads\/2023\/06\/templo-de-vesta.jpg 895w, https:\/\/astroletiva.com.br\/astrologia\/wp-content\/uploads\/2023\/06\/templo-de-vesta-300x197.jpg 300w, https:\/\/astroletiva.com.br\/astrologia\/wp-content\/uploads\/2023\/06\/templo-de-vesta-768x505.jpg 768w\" sizes=\"auto, (max-width: 895px) 100vw, 895px\" \/><figcaption id=\"caption-attachment-2080\" class=\"wp-caption-text\">Uma representa\u00e7\u00e3o do Templo de Vesta, pelo pintor Constantin H\u00f6lscher (1902).<\/figcaption><\/figure>\n<p>Existem mais de 90 mil asteroides classificados, mas s\u00e3o pouqu\u00edssimos os de interesse astrol\u00f3gico. Vamos torn\u00e1-los vis\u00edveis e \u00fateis? E o que dizer de Qu\u00edron, descoberto h\u00e1 46 anos e t\u00e3o mal compreendido?<\/p>\n<h3>O exc\u00eantrico charme dos planetas an\u00f5es<\/h3>\n<p>Desde 2006 a Astronomia passou a adotar a classifica\u00e7\u00e3o de planetas an\u00f5es para uma classe de corpos celestes al\u00e9m de Netuno. Voc\u00ea j\u00e1 conhece Plut\u00e3o, mas precisa conhecer tamb\u00e9m \u00c9ris, Sedna e outros vizinhos. Eles n\u00e3o est\u00e3o a\u00ed a passeio.<\/p>\n<h3>O instrutor<\/h3>\n<p><img loading=\"lazy\" decoding=\"async\" class=\"alignleft wp-image-1208\" src=\"https:\/\/astroletiva.com.br\/astrologia\/wp-content\/uploads\/2020\/08\/ff-praia.jpg\" alt=\"Fernando Fernandse\" width=\"100\" height=\"138\" \/>Fernando Fernandse \u00e9 astr\u00f3logo, editor do site Constelar e fundador da Escola Astroletiva. Professor de Astrologia h\u00e1 35 anos, utiliza uma metodologia din\u00e2mica, coparticipativa e voltada para o desenvolvimento de compet\u00eancias pr\u00e1ticas.<\/p>\n<hr \/>\n<div class=\"esconder\">\n<div class=\"bgamarelo\">\n<h3><strong>In\u00edcio da pr\u00f3xima turma: 21 de junho.\u00a0<\/strong><\/h3>\n<p>Veja no <a href=\"https:\/\/astroletiva.com.br\/astrologia\/calendario\/\"><strong>Calend\u00e1rio de cursos de Astroletiva<\/strong><\/a> a data prevista para a nova turma.<\/p>\n<p>Quer receber em primeira m\u00e3o o aviso de abertura de inscri\u00e7\u00f5es? Deixe seu email aqui, na <a href=\"https:\/\/forms.gle\/qtZru3YoYFna7gvM8\" target=\"_blank\" rel=\"noopener\"><strong>Lista de Alerta<\/strong><\/a>. E mais: se houver uma procura significativa, <strong>Astroletiva<\/strong> pode antecipar a pr\u00f3xima turma!<\/p>\n<\/div>\n<\/div>\n<div class=\"esconder\">\n<div class=\"bgazul\">\n<h2>Datas e metodologia<\/h2>\n<p>O curso se inicia em 21 de junho de 2023 de forma totalmente online e inclui:<\/p>\n<ul>\n<li>Quatro videoconfer\u00eancias por aplicativo Zoom, das 19h30 \u00e0s 21h30, sempre \u00e0s <strong>quartas-feiras<\/strong>: 12\/5, 19\/5, 26\/5 e 2\/6.<\/li>\n<li>Acesso \u00e0s grava\u00e7\u00f5es em v\u00eddeo, dispon\u00edveis no ambiente do curso um a dois dias ap\u00f3s cada aula.<\/li>\n<li>Extenso material did\u00e1tico: um inteiro website em plataforma Moodle, com textos, imagens, arquivos PDF, mapas, exerc\u00edcios e f\u00f3rum de discuss\u00e3o.<\/li>\n<li>Acesso ao ambiente virtual por cinco meses a contar da data de in\u00edcio.<\/li>\n<li>Avalia\u00e7\u00e3o final e emiss\u00e3o de Certificado.<\/li>\n<\/ul>\n<p><b>Abertura de inscri\u00e7\u00f5es: 27 de abril de 2021<\/b><\/p>\n<p>Quer receber em primeira m\u00e3o o aviso de abertura de inscri\u00e7\u00f5es? Deixe seu email aqui, na <a href=\"https:\/\/forms.gle\/qtZru3YoYFna7gvM8\" target=\"_blank\" rel=\"noopener\"><strong>Lista de Alerta<\/strong><\/a>.<\/p>\n<\/div>\n<\/div>\n<div class=\"mostrar\">\n<div class=\"bgazul\">\n<h2>Datas, metodologia e investimento<\/h2>\n<p>O curso se inicia em 21 de junho de 2023 de forma totalmente online e inclui:<\/p>\n<ul>\n<li>Quatro videoconfer\u00eancias por aplicativo Zoom, das 19h30 \u00e0s 21h30, nas <strong>quartas-feiras<\/strong>, 21\/6, 28\/6 e 5\/7, e na <strong>sexta-feira<\/strong>, 7\/7.<\/li>\n<li>Acesso \u00e0s grava\u00e7\u00f5es em v\u00eddeo, dispon\u00edveis no ambiente do curso um a dois dias ap\u00f3s cada aula.<\/li>\n<li>Extenso material did\u00e1tico: um inteiro website em plataforma Moodle, com textos, imagens, arquivos PDF, mapas, exerc\u00edcios e f\u00f3rum de discuss\u00e3o.<\/li>\n<li>Acesso ao ambiente virtual por cinco meses (prorrog\u00e1veis) a contar da data de in\u00edcio.<\/li>\n<li>Avalia\u00e7\u00e3o final e emiss\u00e3o de Certificado.<\/li>\n<\/ul>\n<p><strong>Dura\u00e7\u00e3o:<\/strong> 21 de junho a 7 de julho.<\/p>\n<p><strong>Investimento:<\/strong> <strong>R$ 389,00<\/strong> &#8211; clique no bot\u00e3o abaixo para pagar com cart\u00e3o ou boleto.<\/p>\n<p><!-- INICIO DO BOTAO PAGSEGURO --><a title=\"Pagar com PagSeguro\" href=\"https:\/\/pag.ae\/7ZuDwyT-p\/button\" target=\"_blank\" rel=\"noopener\"><img decoding=\"async\" src=\"\/\/assets.pagseguro.com.br\/ps-integration-assets\/botoes\/pagamentos\/205x30-pagar-roxo.gif\" alt=\"Pague com PagSeguro - \u00e9 r\u00e1pido, gr\u00e1tis e seguro!\" \/><\/a><!-- FIM DO BOTAO PAGSEGURO --><\/p>\n<p>Se voc\u00ea vive em outro pa\u00eds, utilize o <a href=\"https:\/\/constelar.com.br\/entre-em-contato\" target=\"_blank\" rel=\"noopener\">formul\u00e1rio de contato<\/a> para solicitar a emiss\u00e3o de cobran\u00e7a em d\u00f3lares ou euros, via PayPal.<\/p>\n<\/div>\n<\/div>\n","protected":false},"excerpt":{"rendered":"<p>Um curso para lan\u00e7ar luz sobre os chamados pontos obscuros \u2013 fatores de interpreta\u00e7\u00e3o que v\u00e3o muito al\u00e9m dos dez planetas convencionais.<\/p>\n","protected":false},"author":1,"featured_media":2055,"comment_status":"closed","ping_status":"closed","sticky":false,"template":"","format":"standard","meta":{"footnotes":""},"categories":[7],"tags":[],"class_list":["post-1117","post","type-post","status-publish","format-standard","has-post-thumbnail","hentry","category-especializacao","resize-featured-image"],"_links":{"self":[{"href":"https:\/\/astroletiva.com.br\/astrologia\/wp-json\/wp\/v2\/posts\/1117","targetHints":{"allow":["GET"]}}],"collection":[{"href":"https:\/\/astroletiva.com.br\/astrologia\/wp-json\/wp\/v2\/posts"}],"about":[{"href":"https:\/\/astroletiva.com.br\/astrologia\/wp-json\/wp\/v2\/types\/post"}],"author":[{"embeddable":true,"href":"https:\/\/astroletiva.com.br\/astrologia\/wp-json\/wp\/v2\/users\/1"}],"replies":[{"embeddable":true,"href":"https:\/\/astroletiva.com.br\/astrologia\/wp-json\/wp\/v2\/comments?post=1117"}],"version-history":[{"count":23,"href":"https:\/\/astroletiva.com.br\/astrologia\/wp-json\/wp\/v2\/posts\/1117\/revisions"}],"predecessor-version":[{"id":2082,"href":"https:\/\/astroletiva.com.br\/astrologia\/wp-json\/wp\/v2\/posts\/1117\/revisions\/2082"}],"wp:featuredmedia":[{"embeddable":true,"href":"https:\/\/astroletiva.com.br\/astrologia\/wp-json\/wp\/v2\/media\/2055"}],"wp:attachment":[{"href":"https:\/\/astroletiva.com.br\/astrologia\/wp-json\/wp\/v2\/media?parent=1117"}],"wp:term":[{"taxonomy":"category","embeddable":true,"href":"https:\/\/astroletiva.com.br\/astrologia\/wp-json\/wp\/v2\/categories?post=1117"},{"taxonomy":"post_tag","embeddable":true,"href":"https:\/\/astroletiva.com.br\/astrologia\/wp-json\/wp\/v2\/tags?post=1117"}],"curies":[{"name":"wp","href":"https:\/\/api.w.org\/{rel}","templated":true}]}}