{"id":2344,"date":"2024-10-12T15:44:55","date_gmt":"2024-10-12T18:44:55","guid":{"rendered":"https:\/\/astroletiva.com.br\/astrologia\/?p=2344"},"modified":"2024-10-12T15:48:31","modified_gmt":"2024-10-12T18:48:31","slug":"eunice-sousa-um-agradecimento","status":"publish","type":"post","link":"https:\/\/astroletiva.com.br\/astrologia\/eunice-sousa-um-agradecimento\/","title":{"rendered":"Eunice Sousa: um agradecimento"},"content":{"rendered":"<p>A astr\u00f3loga e professora de Astroletiva Eunice Sousa conta como foi o momento cr\u00edtico vivido em setembro de 2024, quando passou cinco dias sedada em Cuiab\u00e1.<!--more--><\/p>\n<p>Queridas e Queridos,<\/p>\n<p>Gostaria de agradecer imensamente por todas as ora\u00e7\u00f5es, vibra\u00e7\u00f5es. correntes e emana\u00e7\u00f5es durante o per\u00edodo em que estive doente. Fiquei profundamente emocionada e tocada depois que acordei e que soube de toda essa mobiliza\u00e7\u00e3o, tanto no sentido espiritual, como tamb\u00e9m no sentido pr\u00e1tico, com tantas pessoas usando seus contatos para facilitar os processos junto \u00e0 sa\u00fade de Cuiab\u00e1, procurando UTIs ou leitos em hospitais mais equipados.<\/p>\n<p>Foi um dos momentos mais cr\u00edticos da minha vida. Houve muita informa\u00e7\u00e3o desencontrada no in\u00edcio, e aproveito para esclarecer o que aconteceu. Resumidamente, tive uma crise hipertensiva em 6 de setembro. Aparentemente a medica\u00e7\u00e3o n\u00e3o estava surtindo efeito. Tentei v\u00e1rias alternativas naturais que tamb\u00e9m n\u00e3o funcionaram. Fui para uma UPA, mas estava lotada devido a pessoas com muitos problemas respirat\u00f3rios em decorr\u00eancia das queimadas em Cuiab\u00e1. Quando finalmente me atenderam, eu j\u00e1 estava passando muito mal: muita dor de cabe\u00e7a, muito v\u00f4mito e consci\u00eancia j\u00e1 alterada. Os dois medicamentos ministrados provocaram rea\u00e7\u00f5es adversas \u2013 eu n\u00e3o sabia que n\u00e3o podia tom\u00e1-los. Tive surtos convulsivos e a equipe que me atendia cogitou tr\u00eas possibilidades: AVC, meningite ou mesmo um ataque epil\u00e9tico. Na d\u00favida, resolveram me sedar profundamente \u2013 foi quase um coma induzido, de sexta \u00e0 noite at\u00e9 praticamente ter\u00e7a-feira. Posteriormente uma tomografia descartou a possibilidade de AVC, de meningite e epilepsia \u2013 gra\u00e7as a Deus! Recebi alta em 10\/9 e fiquei duas semanas na casa de uma sobrinha, pois n\u00e3o dava conta ainda de ficar sozinha. Estou retomando as atividades aos poucos.<\/p>\n<p>Na semana seguinte fiz um check-up card\u00edaco, e foi constatado que n\u00e3o h\u00e1 nada preocupante com o cora\u00e7\u00e3o, al\u00e9m das oscila\u00e7\u00f5es de press\u00e3o \u2013 a medica\u00e7\u00e3o tamb\u00e9m j\u00e1 foi trocada. Ainda estou providenciando um check-up neurol\u00f3gico e devo voltar ao neurologista na terceira semana de outubro para conclus\u00f5es mais claras.<\/p>\n<p>Sinto-me extremamente privilegiada e aben\u00e7oada, porque sei que diante do que aconteceu, o resultado poderia ter sido muito mais grave, muito mais s\u00e9rio. E c\u00e1 estou eu, inteira! E n\u00e3o tenho a menor d\u00favida de que isso se deve tamb\u00e9m a todas as vibra\u00e7\u00f5es de voc\u00eas. Muito obrigada!<\/p>\n<p>N\u00e3o tenham d\u00favidas: fiquei profundamente sensibilizada com todas essas manifesta\u00e7\u00f5es e mensagens (vai levar um tempo para conseguir atualizar todas) e esfor\u00e7os! De todo o meu cora\u00e7\u00e3o fica aqui a minha gratid\u00e3o infinita e o meu pedido de que o universo retribua a todos, na medida certa, porque eu jamais conseguiria.<\/p>\n<p>De todo o meu cora\u00e7\u00e3o, muito obrigada! Deus aben\u00e7oe a todos! Em breve nos encontraremos de novo nas aulas, lives e textos!<\/p>\n<p>Maria Eunice Sousa<\/p>\n","protected":false},"excerpt":{"rendered":"<p>A astr\u00f3loga e professora de Astroletiva Eunice Sousa conta como foi o momento cr\u00edtico vivido em setembro de 2024, quando passou cinco dias sedada em Cuiab\u00e1.<\/p>\n","protected":false},"author":1,"featured_media":2347,"comment_status":"closed","ping_status":"closed","sticky":false,"template":"","format":"standard","meta":{"footnotes":""},"categories":[9],"tags":[],"class_list":["post-2344","post","type-post","status-publish","format-standard","has-post-thumbnail","hentry","category-artigos","resize-featured-image"],"_links":{"self":[{"href":"https:\/\/astroletiva.com.br\/astrologia\/wp-json\/wp\/v2\/posts\/2344","targetHints":{"allow":["GET"]}}],"collection":[{"href":"https:\/\/astroletiva.com.br\/astrologia\/wp-json\/wp\/v2\/posts"}],"about":[{"href":"https:\/\/astroletiva.com.br\/astrologia\/wp-json\/wp\/v2\/types\/post"}],"author":[{"embeddable":true,"href":"https:\/\/astroletiva.com.br\/astrologia\/wp-json\/wp\/v2\/users\/1"}],"replies":[{"embeddable":true,"href":"https:\/\/astroletiva.com.br\/astrologia\/wp-json\/wp\/v2\/comments?post=2344"}],"version-history":[{"count":5,"href":"https:\/\/astroletiva.com.br\/astrologia\/wp-json\/wp\/v2\/posts\/2344\/revisions"}],"predecessor-version":[{"id":2350,"href":"https:\/\/astroletiva.com.br\/astrologia\/wp-json\/wp\/v2\/posts\/2344\/revisions\/2350"}],"wp:featuredmedia":[{"embeddable":true,"href":"https:\/\/astroletiva.com.br\/astrologia\/wp-json\/wp\/v2\/media\/2347"}],"wp:attachment":[{"href":"https:\/\/astroletiva.com.br\/astrologia\/wp-json\/wp\/v2\/media?parent=2344"}],"wp:term":[{"taxonomy":"category","embeddable":true,"href":"https:\/\/astroletiva.com.br\/astrologia\/wp-json\/wp\/v2\/categories?post=2344"},{"taxonomy":"post_tag","embeddable":true,"href":"https:\/\/astroletiva.com.br\/astrologia\/wp-json\/wp\/v2\/tags?post=2344"}],"curies":[{"name":"wp","href":"https:\/\/api.w.org\/{rel}","templated":true}]}}